{"id":3471,"date":"2025-09-16T10:58:04","date_gmt":"2025-09-16T08:58:04","guid":{"rendered":"https:\/\/www.villaggiodellasalutepiu.it\/?p=3471"},"modified":"2026-07-15T14:38:19","modified_gmt":"2026-07-15T12:38:19","slug":"pacchetti","status":"publish","type":"post","link":"https:\/\/www.villaggiodellasalutepiu.it\/it\/vetrina\/pacchetti\/","title":{"rendered":"Pacchetti"},"content":{"rendered":"<div class=\"wpb-content-wrapper\"><p>[vc_row][vc_column][vc_column_text]Una<strong>\u00a0giornata di terme e trattamenti<\/strong>, o anche pacchetti pi\u00f9 lunghi con\u00a0<strong>soggiorno in agriturismo<\/strong>: un\u2019offerta completa e conveniente per il benessere e la bellezza, per s\u00e9 e per gli altri.[\/vc_column_text][\/vc_column][\/vc_row][vc_row css=&#8221;.vc_custom_1593432891958{margin-top: 35px !important;}&#8221;][vc_column width=&#8221;1\/2&#8243;]\n\t\t\t<div class=\"promo-banner-wrapper\">\n\t\t\t\t<div class=\"promo-banner cursor-pointer text-center vertical-alignment-bottom banner-2 hover-1 color-scheme-light \" onclick=\"window.location.href='https:\/\/www.villaggiodellasalutepiu.it\/it\/pacchetti\/pacchetti-termali-giornalieri\/'\" >\n\n\t\t\t\t\t<div class=\"main-wrapp-img\">\n\t\t\t\t\t\t<div class=\"banner-image\">\n\t\t\t\t\t\t\t\t\t\t\t\t\t\t\t\t\t\t\t\t\t\t\t\t<img loading=\"lazy\" decoding=\"async\" width=\"877\" height=\"371\" src=\"https:\/\/www.villaggiodellasalutepiu.it\/wp-content\/uploads\/2020\/06\/877-day-spa-terme-bologna.jpg\" class=\"promo-banner-image image-1 attachment-full\" alt=\"\" title=\"877-day-spa-terme-bologna\" srcset=\"https:\/\/www.villaggiodellasalutepiu.it\/wp-content\/uploads\/2020\/06\/877-day-spa-terme-bologna.jpg 877w, https:\/\/www.villaggiodellasalutepiu.it\/wp-content\/uploads\/2020\/06\/877-day-spa-terme-bologna-300x127.jpg 300w, https:\/\/www.villaggiodellasalutepiu.it\/wp-content\/uploads\/2020\/06\/877-day-spa-terme-bologna-768x325.jpg 768w, https:\/\/www.villaggiodellasalutepiu.it\/wp-content\/uploads\/2020\/06\/877-day-spa-terme-bologna-600x254.jpg 600w\" sizes=\"auto, (max-width: 877px) 100vw, 877px\" \/>\t\t\t\t\t\t\t\t\t\t\t\t\t\t\t\t\t\t\t\t\t<\/div>\n\t\t\t\t\t<\/div>\n\n\t\t\t\t\t<div class=\"wrapper-content-baner\">\n\t\t\t\t\t\t<div class=\"banner-inner\">\n\t\t\t\t\t\t\t<\/p>\n<h3><strong>PACCHETTI TERMALI GIORNALIERI<\/strong><\/h3>\n<p>\n\t\t\t\t\t\t<\/div>\n\t\t\t\t\t<\/div>\n\n\t\t\t\t<\/div>\n\t\t\t<\/div>\n\n\t\t[\/vc_column][vc_column width=&#8221;1\/2&#8243;]\n\t\t\t<div class=\"promo-banner-wrapper\">\n\t\t\t\t<div class=\"promo-banner cursor-pointer text-center vertical-alignment-bottom banner-2 hover-1 color-scheme-light \" onclick=\"window.location.href='https:\/\/www.villaggiodellasalutepiu.it\/it\/pacchetti\/soggiorni-terme-e-natura\/'\" >\n\n\t\t\t\t\t<div class=\"main-wrapp-img\">\n\t\t\t\t\t\t<div class=\"banner-image\">\n\t\t\t\t\t\t\t\t\t\t\t\t\t\t\t\t\t\t\t\t\t\t\t\t<img loading=\"lazy\" decoding=\"async\" width=\"877\" height=\"371\" src=\"https:\/\/www.villaggiodellasalutepiu.it\/wp-content\/uploads\/2020\/06\/877-pacchetti-terme-soggiorno.jpg\" class=\"promo-banner-image image-1 attachment-full\" alt=\"\" title=\"877-pacchetti-terme-soggiorno\" srcset=\"https:\/\/www.villaggiodellasalutepiu.it\/wp-content\/uploads\/2020\/06\/877-pacchetti-terme-soggiorno.jpg 877w, https:\/\/www.villaggiodellasalutepiu.it\/wp-content\/uploads\/2020\/06\/877-pacchetti-terme-soggiorno-300x127.jpg 300w, https:\/\/www.villaggiodellasalutepiu.it\/wp-content\/uploads\/2020\/06\/877-pacchetti-terme-soggiorno-768x325.jpg 768w, https:\/\/www.villaggiodellasalutepiu.it\/wp-content\/uploads\/2020\/06\/877-pacchetti-terme-soggiorno-600x254.jpg 600w\" sizes=\"auto, (max-width: 877px) 100vw, 877px\" \/>\t\t\t\t\t\t\t\t\t\t\t\t\t\t\t\t\t\t\t\t\t<\/div>\n\t\t\t\t\t<\/div>\n\n\t\t\t\t\t<div class=\"wrapper-content-baner\">\n\t\t\t\t\t\t<div class=\"banner-inner\">\n\t\t\t\t\t\t\t<\/p>\n<h3><strong>SOGGIORNI TERME E NATURA<\/strong><\/h3>\n<p>\n\t\t\t\t\t\t<\/div>\n\t\t\t\t\t<\/div>\n\n\t\t\t\t<\/div>\n\t\t\t<\/div>\n\n\t\t[\/vc_column][\/vc_row][vc_row full_width=&#8221;stretch_row_content_no_spaces&#8221; css=&#8221;.vc_custom_1769699116613{margin-bottom: 0px !important;background-color: #F6F6F6 !important;}&#8221;][vc_column css=&#8221;.vc_custom_1784119072046{padding-top: 0px !important;padding-bottom: 0px !important;}&#8221;]\t\t\t<div class=\"basel-row-divider svg-wrap-1237 dvr-position-top dvr-style-curved-line\">\n\t\t\t\t<svg id=\"curved-line-top\" xmlns=\"http:\/\/www.w3.org\/2000\/svg\" xmlns:xlink=\"http:\/\/www.w3.org\/1999\/xlink\" x=\"0px\" y=\"0px\"\n\t viewBox=\"0 0 100 100\" width=\"100%\" height=\"50px\" preserveAspectRatio=\"none\">\n<path display=\"none\" d=\"M100,25.8V100H0V52.5c-4.9-6.8-9.5-13.8-15-19.7V101h125V20.9C106.3,22,103,23.7,100,25.8z\"\/>\n<path d=\"M0,0v99c22-20.6,28.7-69.7,61.4-69.7c18.8,0,29.1,16.2,38.6,34V0L0,0z\"\/>\n<\/svg>\n\t\t\t\t<style>.svg-wrap-1237 svg {\n\t\t\t\t\t\tfill: #FFFFFF;\n\t\t\t\t\t\t\t\t\t\t\t}\n\t\t\t\t<\/style>\n\t\t\t<\/div>\n\t\t[\/vc_column][\/vc_row][vc_row full_width=&#8221;stretch_row&#8221; css=&#8221;.vc_custom_1769700247702{margin-bottom: 0px !important;padding-top: 30px !important;padding-bottom: 60px !important;background-color: #F6F6F6 !important;}&#8221;][vc_column]<div class=\"title-wrapper  basel-title-color-default basel-title-style-default basel-title-size-default text-center \"><div class=\"liner-continer\"> <span class=\"left-line\"><\/span> <h2 class=\"title\" >Come prenotare<span class=\"title-separator\"><span><\/span><\/span><\/h2> <span class=\"right-line\"><\/span> <\/div><\/div>[vc_column_text css=&#8221;&#8221;]<\/p>\n<p data-start=\"209\" data-end=\"425\">Scopri i pacchetti disponibili tramite i due percorsi dedicati qui sopra, che ti porteranno alle pagine di dettaglio e procedere con la prenotazione.<\/p>\n<p data-start=\"427\" data-end=\"629\">Per richieste particolari, informazioni aggiuntive o supporto nella scelta del pacchetto pi\u00f9 adatto alle tue esigenze, puoi contattarci scrivendo una mail: il nostro staff \u00e8 a disposizione per aiutarti.<\/p>\n<p>[\/vc_column_text][vc_row_inner css=&#8221;.vc_custom_1769688319104{padding-top: 30px !important;}&#8221;][vc_column_inner width=&#8221;1\/3&#8243;]<div class=\"title-wrapper  basel-title-color-default basel-title-style-default basel-title-size-default text-left \"><div class=\"liner-continer\"> <span class=\"left-line\"><\/span> <h3 class=\"title\" >Villaggio della Salute Pi\u00f9<span class=\"title-separator\"><span><\/span><\/span><\/h3> <span class=\"right-line\"><\/span> <\/div><\/div>[vc_column_text css=&#8221;&#8221;]<strong>&#8212;<br \/>\nVia Sillaro 27, 40050 &#8211; Monterenzio (BO)<br \/>\n<\/strong>&#8212;<br \/>\nTel. e Fax: <a href=\"http:\/\/Tel:051.929791\">051.929791<\/a><br \/>\nTel. e Fax: <a href=\"http:\/\/Tel:051.929792\">051.929972<\/a><br \/>\n<a href=\"mailto:info@villaggiodellasalute.it\">info@villaggiodellasalute.it<\/a>[\/vc_column_text][\/vc_column_inner][vc_column_inner width=&#8221;2\/3&#8243;]\n<div class=\"wpcf7 no-js\" id=\"wpcf7-f577-o1\" lang=\"it-IT\" dir=\"ltr\" data-wpcf7-id=\"577\">\n<div class=\"screen-reader-response\"><p role=\"status\" aria-live=\"polite\" aria-atomic=\"true\"><\/p> <ul><\/ul><\/div>\n<form action=\"\/it\/wp-json\/wp\/v2\/posts\/3471#wpcf7-f577-o1\" method=\"post\" class=\"wpcf7-form init wpcf7-acceptance-as-validation\" aria-label=\"Modulo di contatto\" novalidate=\"novalidate\" data-status=\"init\">\n<fieldset class=\"hidden-fields-container\"><input type=\"hidden\" name=\"_wpcf7\" value=\"577\" \/><input type=\"hidden\" name=\"_wpcf7_version\" value=\"6.1.6\" \/><input type=\"hidden\" name=\"_wpcf7_locale\" value=\"it_IT\" \/><input type=\"hidden\" name=\"_wpcf7_unit_tag\" value=\"wpcf7-f577-o1\" \/><input type=\"hidden\" name=\"_wpcf7_container_post\" value=\"0\" \/><input type=\"hidden\" name=\"_wpcf7_posted_data_hash\" value=\"\" \/><input type=\"hidden\" name=\"_wpcf7_recaptcha_response\" value=\"\" \/>\n<\/fieldset>\n<label>Nome e cognome (richiesto)\n    <span class=\"wpcf7-form-control-wrap\" data-name=\"your-nome\"><input size=\"40\" maxlength=\"400\" class=\"wpcf7-form-control wpcf7-text wpcf7-validates-as-required\" aria-required=\"true\" aria-invalid=\"false\" value=\"\" type=\"text\" name=\"your-nome\" \/><\/span>\n<\/label>\n<div class=\"row\">\n  <div class=\"col-md-6\">\n    <label> La tua email (richiesto)\n      <span class=\"wpcf7-form-control-wrap\" data-name=\"your-email\"><input size=\"40\" maxlength=\"400\" class=\"wpcf7-form-control wpcf7-email wpcf7-validates-as-required wpcf7-text wpcf7-validates-as-email\" id=\"gemail\" aria-required=\"true\" aria-invalid=\"false\" value=\"\" type=\"email\" name=\"your-email\" \/><\/span>\n    <\/label>\n  <\/div>\n\n  <div class=\"col-md-6\">\n    <label> Telefono (richiesto)\n      <span class=\"wpcf7-form-control-wrap\" data-name=\"tel\"><input size=\"40\" maxlength=\"400\" class=\"wpcf7-form-control wpcf7-tel wpcf7-validates-as-required wpcf7-text wpcf7-validates-as-tel\" id=\"telefonoextra\" aria-required=\"true\" aria-invalid=\"false\" value=\"\" type=\"tel\" name=\"tel\" \/><\/span>\n    <\/label>\n  <\/div>\n<\/div>\n<label> Il tuo messaggio (richiesto)\n    <span class=\"wpcf7-form-control-wrap\" data-name=\"your-message\"><textarea cols=\"40\" rows=\"10\" maxlength=\"2000\" class=\"wpcf7-form-control wpcf7-textarea wpcf7-validates-as-required\" aria-required=\"true\" aria-invalid=\"false\" name=\"your-message\"><\/textarea><\/span>\n<\/label>\n\n<span class=\"wpcf7-form-control-wrap\" data-name=\"generic\"><span class=\"wpcf7-form-control wpcf7-acceptance\"><span class=\"wpcf7-list-item\"><label><input type=\"checkbox\" name=\"generic\" value=\"1\" aria-invalid=\"false\" \/><span class=\"wpcf7-list-item-label\">Ho preso visione <a target=\"_blank\" href=\"https:\/\/www.privacylab.it\/informativa.php?24392502041\">\n<strong>dell'informativa privacy<\/strong><\/a><\/span><\/label><\/span><\/span><\/span>\n\n<br><br>\n\n<span class=\"wpcf7-form-control-wrap\" data-name=\"your-consent\"><span class=\"wpcf7-form-control wpcf7-acceptance optional\"><span class=\"wpcf7-list-item\"><label><input type=\"checkbox\" name=\"your-consent\" value=\"1\" aria-invalid=\"false\" \/><span class=\"wpcf7-list-item-label\">Acconsento a ricevere newsletter come indicato <a target=\"_blank\" href=\"https:\/\/www.privacylab.it\/informativa.php?24392502042\">nell'informativa<\/a><\/span><\/label><\/span><\/span><\/span>\n\n<br><br>\n\n<input class=\"wpcf7-form-control wpcf7-submit has-spinner\" type=\"submit\" value=\"Invia\" \/><div class=\"wpcf7-response-output\" aria-hidden=\"true\"><\/div>\n<\/form>\n<\/div>\n[\/vc_column_inner][\/vc_row_inner][\/vc_column][\/vc_row][vc_row full_width=&#8221;stretch_row_content_no_spaces&#8221; css=&#8221;.vc_custom_1784119016189{padding-top: 0px !important;background-color: #FFFFFF !important;}&#8221;][vc_column css=&#8221;.vc_custom_1784119011995{padding-top: 0px !important;padding-bottom: 0px !important;}&#8221;]\t\t\t<div class=\"basel-row-divider svg-wrap-7916 dvr-position-top dvr-style-curved-line\">\n\t\t\t\t<svg id=\"curved-line-top\" xmlns=\"http:\/\/www.w3.org\/2000\/svg\" xmlns:xlink=\"http:\/\/www.w3.org\/1999\/xlink\" x=\"0px\" y=\"0px\"\n\t viewBox=\"0 0 100 100\" width=\"100%\" height=\"50px\" preserveAspectRatio=\"none\">\n<path display=\"none\" d=\"M100,25.8V100H0V52.5c-4.9-6.8-9.5-13.8-15-19.7V101h125V20.9C106.3,22,103,23.7,100,25.8z\"\/>\n<path d=\"M0,0v99c22-20.6,28.7-69.7,61.4-69.7c18.8,0,29.1,16.2,38.6,34V0L0,0z\"\/>\n<\/svg>\n\t\t\t\t<style>.svg-wrap-7916 svg {\n\t\t\t\t\t\tfill: #F6F6F6;\n\t\t\t\t\t\t\t\t\t\t\t}\n\t\t\t\t<\/style>\n\t\t\t<\/div>\n\t\t[\/vc_column][\/vc_row][vc_row css_animation=&#8221;none&#8221; css=&#8221;.vc_custom_1769700282141{padding-top: 30px !important;padding-bottom: 60px !important;}&#8221;][vc_column]<div class=\"title-wrapper  basel-title-color-default basel-title-style-default basel-title-size-default text-center \"><div class=\"liner-continer\"> <span class=\"left-line\"><\/span> <h2 class=\"title\" >Domande frequenti<span class=\"title-separator\"><span><\/span><\/span><\/h2> <span class=\"right-line\"><\/span> <\/div><\/div>[vc_column_text css=&#8221;&#8221;]<\/p>\n<p data-start=\"1926\" data-end=\"2001\">Tutte le informazioni utili sui pacchetti e sulle modalit\u00e0 di prenotazione.<\/p>\n<p>[\/vc_column_text][vc_tta_accordion section_title_tag=&#8221;h3&#8243; style=&#8221;outline&#8221; color=&#8221;black&#8221; c_icon=&#8221;chevron&#8221; c_position=&#8221;right&#8221; active_section=&#8221;1&#8243; collapsible_all=&#8221;true&#8221;][vc_tta_section title=&#8221;I pacchetti sono validi tutto l\u2019anno?&#8221; tab_id=&#8221;1769688426892-ce7f10f3-bfbe&#8221;][vc_column_text css=&#8221;&#8221;]<\/p>\n<p data-start=\"2045\" data-end=\"2194\">Alcuni pacchetti sono disponibili tutto l\u2019anno, altri in periodi specifici. Ti consigliamo di verificare la disponibilit\u00e0 al momento della richiesta.<\/p>\n<p>[\/vc_column_text][\/vc_tta_section][vc_tta_section title=&#8221;\u00c8 necessaria la prenotazione anticipata?&#8221; tab_id=&#8221;1769700633721-856baf28-b0fb&#8221;][vc_column_text css=&#8221;&#8221;]<\/p>\n<p data-start=\"2241\" data-end=\"2340\">S\u00ec, la prenotazione \u00e8 consigliata per garantire disponibilit\u00e0 e miglior organizzazione dei servizi.<\/p>\n<p>[\/vc_column_text][\/vc_tta_section][vc_tta_section title=&#8221;I pacchetti includono i trattamenti?&#8221; tab_id=&#8221;1769700639308-9ca7764f-da24&#8243;][vc_column_text css=&#8221;&#8221;]<\/p>\n<p data-start=\"2383\" data-end=\"2492\">Alcuni pacchetti includono trattamenti specifici, altri prevedono la possibilit\u00e0 di aggiungerli su richiesta.<\/p>\n<p>[\/vc_column_text][\/vc_tta_section][vc_tta_section title=&#8221;I pacchetti sono regalabili?&#8221; tab_id=&#8221;1769700643308-e14f4234-14a5&#8243;][vc_column_text css=&#8221;&#8221;]<\/p>\n<p data-start=\"2527\" data-end=\"2593\">S\u00ec, i pacchetti possono essere acquistati anche come buono regalo.<\/p>\n<p>[\/vc_column_text][\/vc_tta_section][\/vc_tta_accordion][\/vc_column][\/vc_row][vc_row full_width=&#8221;stretch_row_content_no_spaces&#8221; css=&#8221;.vc_custom_1769700230162{background-color: #F6F6F6 !important;}&#8221;][vc_column css=&#8221;.vc_custom_1784119096698{padding-top: 0px !important;padding-bottom: 0px !important;}&#8221;]\t\t\t<div class=\"basel-row-divider svg-wrap-9529 dvr-position-top dvr-style-half-circle\">\n\t\t\t\t<svg id=\"half-circle-top\" xmlns=\"http:\/\/www.w3.org\/2000\/svg\" version=\"1.1\" width=\"100%\" height=\"50px\" viewBox=\"0 347 611 100\" preserveAspectRatio=\"none\">\n\t<path d=\"M0,347v100c244.8-100,367.2-100,612,0V347H0z\"\/>\n<\/svg>\n\t\t\t\t<style>.svg-wrap-9529 svg {\n\t\t\t\t\t\tfill: #FFFFFF;\n\t\t\t\t\t\t\t\t\t\t\t}\n\t\t\t\t<\/style>\n\t\t\t<\/div>\n\t\t[\/vc_column][\/vc_row][vc_row full_width=&#8221;stretch_row&#8221; css_animation=&#8221;none&#8221; basel_gradient_switch=&#8221;yes&#8221; css=&#8221;.vc_custom_1769694304557{margin-top: 0px !important;margin-bottom: 0px !important;padding-top: 60px !important;padding-bottom: 60px !important;}&#8221; basel_color_gradient=&#8221;rgb(246, 246, 246)-0\/rgb(255, 255, 255)-100\/|linear-gradient(top , rgb(246, 246, 246) , rgb(255, 255, 255) 100%)|linear|top&#8221;][vc_column]<div class=\"title-wrapper  basel-title-color-default basel-title-style-default basel-title-size-default text-center vc_custom_1769700335689\"><div class=\"liner-continer\"> <span class=\"left-line\"><\/span> <h1 class=\"title\" >Potrebbero interessarti anche:<span class=\"title-separator\"><span><\/span><\/span><\/h1> <span class=\"right-line\"><\/span> <\/div><span class=\"title-after_title\">Scopri altre offerte e promozioni del Villaggio della Salute Pi\u00f9 disponibili in diversi periodi dell\u2019anno.<\/span><\/div>[vc_basic_grid post_type=&#8221;post&#8221; max_items=&#8221;3&#8243; item=&#8221;26310&#8243; css=&#8221;&#8221; grid_id=&#8221;vc_gid:1784119031025-ea123fa5-b596-2&#8243; taxonomies=&#8221;19&#8243;][\/vc_column][\/vc_row]<\/p>\n<\/div>","protected":false},"excerpt":{"rendered":"<p>Una\u00a0giornata di terme e trattamenti, o anche pacchetti pi\u00f9 lunghi con\u00a0soggiorno in agriturismo.<\/p>\n","protected":false},"author":6,"featured_media":3473,"comment_status":"closed","ping_status":"closed","sticky":false,"template":"","format":"standard","meta":{"footnotes":""},"categories":[34,19],"tags":[],"eventi":[],"class_list":["post-3471","post","type-post","status-publish","format-standard","has-post-thumbnail","hentry","category-vetrina","category-promozioni"],"yoast_head":"<!-- This site is optimized with the Yoast SEO plugin v28.0 - https:\/\/yoast.com\/product\/yoast-seo-wordpress\/ -->\n<title>Pacchetti &#8226; Villaggio della Salute Pi\u00f9<\/title>\n<meta name=\"robots\" content=\"index, follow, max-snippet:-1, max-image-preview:large, max-video-preview:-1\" \/>\n<link rel=\"canonical\" href=\"https:\/\/www.villaggiodellasalutepiu.it\/it\/vetrina\/pacchetti\/\" \/>\n<meta property=\"og:locale\" content=\"it_IT\" \/>\n<meta property=\"og:type\" content=\"article\" \/>\n<meta property=\"og:title\" content=\"Pacchetti &#8226; Villaggio della Salute Pi\u00f9\" \/>\n<meta property=\"og:description\" content=\"Una\u00a0giornata di terme e trattamenti, o anche pacchetti pi\u00f9 lunghi con\u00a0soggiorno in agriturismo.\" \/>\n<meta property=\"og:url\" content=\"https:\/\/www.villaggiodellasalutepiu.it\/it\/vetrina\/pacchetti\/\" \/>\n<meta property=\"og:site_name\" content=\"Villaggio della Salute Pi\u00f9\" \/>\n<meta property=\"article:published_time\" content=\"2025-09-16T08:58:04+00:00\" \/>\n<meta property=\"article:modified_time\" content=\"2026-07-15T12:38:19+00:00\" \/>\n<meta property=\"og:image\" content=\"https:\/\/www.villaggiodellasalutepiu.it\/wp-content\/uploads\/2020\/07\/1200-cover-pacchetti.jpg\" \/>\n\t<meta property=\"og:image:width\" content=\"1200\" \/>\n\t<meta property=\"og:image:height\" content=\"800\" \/>\n\t<meta property=\"og:image:type\" content=\"image\/jpeg\" \/>\n<meta name=\"author\" content=\"Lorenzo Trenti\" \/>\n<meta name=\"twitter:card\" content=\"summary_large_image\" \/>\n<meta name=\"twitter:label1\" content=\"Scritto da\" \/>\n\t<meta name=\"twitter:data1\" content=\"Lorenzo Trenti\" \/>\n\t<meta name=\"twitter:label2\" content=\"Tempo di lettura stimato\" \/>\n\t<meta name=\"twitter:data2\" content=\"2 minuti\" \/>\n<script type=\"application\/ld+json\" class=\"yoast-schema-graph\">{\"@context\":\"https:\\\/\\\/schema.org\",\"@graph\":[{\"@type\":\"Article\",\"@id\":\"https:\\\/\\\/www.villaggiodellasalutepiu.it\\\/it\\\/vetrina\\\/pacchetti\\\/#article\",\"isPartOf\":{\"@id\":\"https:\\\/\\\/www.villaggiodellasalutepiu.it\\\/it\\\/vetrina\\\/pacchetti\\\/\"},\"author\":{\"name\":\"Lorenzo Trenti\",\"@id\":\"https:\\\/\\\/www.villaggiodellasalutepiu.it\\\/it\\\/#\\\/schema\\\/person\\\/a0d997c5ce9ae820923ae1e60ee745c3\"},\"headline\":\"Pacchetti\",\"datePublished\":\"2025-09-16T08:58:04+00:00\",\"dateModified\":\"2026-07-15T12:38:19+00:00\",\"mainEntityOfPage\":{\"@id\":\"https:\\\/\\\/www.villaggiodellasalutepiu.it\\\/it\\\/vetrina\\\/pacchetti\\\/\"},\"wordCount\":730,\"publisher\":{\"@id\":\"https:\\\/\\\/www.villaggiodellasalutepiu.it\\\/it\\\/#organization\"},\"image\":{\"@id\":\"https:\\\/\\\/www.villaggiodellasalutepiu.it\\\/it\\\/vetrina\\\/pacchetti\\\/#primaryimage\"},\"thumbnailUrl\":\"https:\\\/\\\/www.villaggiodellasalutepiu.it\\\/wp-content\\\/uploads\\\/2020\\\/07\\\/1200-cover-pacchetti.jpg\",\"articleSection\":[\"In vetrina\",\"Promozioni\"],\"inLanguage\":\"it-IT\"},{\"@type\":\"WebPage\",\"@id\":\"https:\\\/\\\/www.villaggiodellasalutepiu.it\\\/it\\\/vetrina\\\/pacchetti\\\/\",\"url\":\"https:\\\/\\\/www.villaggiodellasalutepiu.it\\\/it\\\/vetrina\\\/pacchetti\\\/\",\"name\":\"Pacchetti &#8226; Villaggio della Salute Pi\u00f9\",\"isPartOf\":{\"@id\":\"https:\\\/\\\/www.villaggiodellasalutepiu.it\\\/it\\\/#website\"},\"primaryImageOfPage\":{\"@id\":\"https:\\\/\\\/www.villaggiodellasalutepiu.it\\\/it\\\/vetrina\\\/pacchetti\\\/#primaryimage\"},\"image\":{\"@id\":\"https:\\\/\\\/www.villaggiodellasalutepiu.it\\\/it\\\/vetrina\\\/pacchetti\\\/#primaryimage\"},\"thumbnailUrl\":\"https:\\\/\\\/www.villaggiodellasalutepiu.it\\\/wp-content\\\/uploads\\\/2020\\\/07\\\/1200-cover-pacchetti.jpg\",\"datePublished\":\"2025-09-16T08:58:04+00:00\",\"dateModified\":\"2026-07-15T12:38:19+00:00\",\"breadcrumb\":{\"@id\":\"https:\\\/\\\/www.villaggiodellasalutepiu.it\\\/it\\\/vetrina\\\/pacchetti\\\/#breadcrumb\"},\"inLanguage\":\"it-IT\",\"potentialAction\":[{\"@type\":\"ReadAction\",\"target\":[\"https:\\\/\\\/www.villaggiodellasalutepiu.it\\\/it\\\/vetrina\\\/pacchetti\\\/\"]}]},{\"@type\":\"ImageObject\",\"inLanguage\":\"it-IT\",\"@id\":\"https:\\\/\\\/www.villaggiodellasalutepiu.it\\\/it\\\/vetrina\\\/pacchetti\\\/#primaryimage\",\"url\":\"https:\\\/\\\/www.villaggiodellasalutepiu.it\\\/wp-content\\\/uploads\\\/2020\\\/07\\\/1200-cover-pacchetti.jpg\",\"contentUrl\":\"https:\\\/\\\/www.villaggiodellasalutepiu.it\\\/wp-content\\\/uploads\\\/2020\\\/07\\\/1200-cover-pacchetti.jpg\",\"width\":1200,\"height\":800},{\"@type\":\"BreadcrumbList\",\"@id\":\"https:\\\/\\\/www.villaggiodellasalutepiu.it\\\/it\\\/vetrina\\\/pacchetti\\\/#breadcrumb\",\"itemListElement\":[{\"@type\":\"ListItem\",\"position\":1,\"name\":\"Home\",\"item\":\"https:\\\/\\\/www.villaggiodellasalutepiu.it\\\/it\\\/\"},{\"@type\":\"ListItem\",\"position\":2,\"name\":\"Pacchetti\"}]},{\"@type\":\"WebSite\",\"@id\":\"https:\\\/\\\/www.villaggiodellasalutepiu.it\\\/it\\\/#website\",\"url\":\"https:\\\/\\\/www.villaggiodellasalutepiu.it\\\/it\\\/\",\"name\":\"Villaggio della Salute Pi\u00f9\",\"description\":\"Benvenuti\",\"publisher\":{\"@id\":\"https:\\\/\\\/www.villaggiodellasalutepiu.it\\\/it\\\/#organization\"},\"potentialAction\":[{\"@type\":\"SearchAction\",\"target\":{\"@type\":\"EntryPoint\",\"urlTemplate\":\"https:\\\/\\\/www.villaggiodellasalutepiu.it\\\/it\\\/?s={search_term_string}\"},\"query-input\":{\"@type\":\"PropertyValueSpecification\",\"valueRequired\":true,\"valueName\":\"search_term_string\"}}],\"inLanguage\":\"it-IT\"},{\"@type\":\"Organization\",\"@id\":\"https:\\\/\\\/www.villaggiodellasalutepiu.it\\\/it\\\/#organization\",\"name\":\"Villaggio Della Salute Pi\u00f9\",\"url\":\"https:\\\/\\\/www.villaggiodellasalutepiu.it\\\/it\\\/\",\"logo\":{\"@type\":\"ImageObject\",\"inLanguage\":\"it-IT\",\"@id\":\"https:\\\/\\\/www.villaggiodellasalutepiu.it\\\/it\\\/#\\\/schema\\\/logo\\\/image\\\/\",\"url\":\"https:\\\/\\\/www.villaggiodellasalutepiu.it\\\/wp-content\\\/uploads\\\/2020\\\/04\\\/logo-vds.png\",\"contentUrl\":\"https:\\\/\\\/www.villaggiodellasalutepiu.it\\\/wp-content\\\/uploads\\\/2020\\\/04\\\/logo-vds.png\",\"width\":449,\"height\":62,\"caption\":\"Villaggio Della Salute Pi\u00f9\"},\"image\":{\"@id\":\"https:\\\/\\\/www.villaggiodellasalutepiu.it\\\/it\\\/#\\\/schema\\\/logo\\\/image\\\/\"}},{\"@type\":\"Person\",\"@id\":\"https:\\\/\\\/www.villaggiodellasalutepiu.it\\\/it\\\/#\\\/schema\\\/person\\\/a0d997c5ce9ae820923ae1e60ee745c3\",\"name\":\"Lorenzo Trenti\",\"url\":\"https:\\\/\\\/www.villaggiodellasalutepiu.it\\\/it\\\/author\\\/lorenzo-trenti\\\/\"}]}<\/script>\n<!-- \/ Yoast SEO plugin. -->","yoast_head_json":{"title":"Pacchetti &#8226; Villaggio della Salute Pi\u00f9","robots":{"index":"index","follow":"follow","max-snippet":"max-snippet:-1","max-image-preview":"max-image-preview:large","max-video-preview":"max-video-preview:-1"},"canonical":"https:\/\/www.villaggiodellasalutepiu.it\/it\/vetrina\/pacchetti\/","og_locale":"it_IT","og_type":"article","og_title":"Pacchetti &#8226; Villaggio della Salute Pi\u00f9","og_description":"Una\u00a0giornata di terme e trattamenti, o anche pacchetti pi\u00f9 lunghi con\u00a0soggiorno in agriturismo.","og_url":"https:\/\/www.villaggiodellasalutepiu.it\/it\/vetrina\/pacchetti\/","og_site_name":"Villaggio della Salute Pi\u00f9","article_published_time":"2025-09-16T08:58:04+00:00","article_modified_time":"2026-07-15T12:38:19+00:00","og_image":[{"width":1200,"height":800,"url":"https:\/\/www.villaggiodellasalutepiu.it\/wp-content\/uploads\/2020\/07\/1200-cover-pacchetti.jpg","type":"image\/jpeg"}],"author":"Lorenzo Trenti","twitter_card":"summary_large_image","twitter_misc":{"Scritto da":"Lorenzo Trenti","Tempo di lettura stimato":"2 minuti"},"schema":{"@context":"https:\/\/schema.org","@graph":[{"@type":"Article","@id":"https:\/\/www.villaggiodellasalutepiu.it\/it\/vetrina\/pacchetti\/#article","isPartOf":{"@id":"https:\/\/www.villaggiodellasalutepiu.it\/it\/vetrina\/pacchetti\/"},"author":{"name":"Lorenzo Trenti","@id":"https:\/\/www.villaggiodellasalutepiu.it\/it\/#\/schema\/person\/a0d997c5ce9ae820923ae1e60ee745c3"},"headline":"Pacchetti","datePublished":"2025-09-16T08:58:04+00:00","dateModified":"2026-07-15T12:38:19+00:00","mainEntityOfPage":{"@id":"https:\/\/www.villaggiodellasalutepiu.it\/it\/vetrina\/pacchetti\/"},"wordCount":730,"publisher":{"@id":"https:\/\/www.villaggiodellasalutepiu.it\/it\/#organization"},"image":{"@id":"https:\/\/www.villaggiodellasalutepiu.it\/it\/vetrina\/pacchetti\/#primaryimage"},"thumbnailUrl":"https:\/\/www.villaggiodellasalutepiu.it\/wp-content\/uploads\/2020\/07\/1200-cover-pacchetti.jpg","articleSection":["In vetrina","Promozioni"],"inLanguage":"it-IT"},{"@type":"WebPage","@id":"https:\/\/www.villaggiodellasalutepiu.it\/it\/vetrina\/pacchetti\/","url":"https:\/\/www.villaggiodellasalutepiu.it\/it\/vetrina\/pacchetti\/","name":"Pacchetti &#8226; Villaggio della Salute Pi\u00f9","isPartOf":{"@id":"https:\/\/www.villaggiodellasalutepiu.it\/it\/#website"},"primaryImageOfPage":{"@id":"https:\/\/www.villaggiodellasalutepiu.it\/it\/vetrina\/pacchetti\/#primaryimage"},"image":{"@id":"https:\/\/www.villaggiodellasalutepiu.it\/it\/vetrina\/pacchetti\/#primaryimage"},"thumbnailUrl":"https:\/\/www.villaggiodellasalutepiu.it\/wp-content\/uploads\/2020\/07\/1200-cover-pacchetti.jpg","datePublished":"2025-09-16T08:58:04+00:00","dateModified":"2026-07-15T12:38:19+00:00","breadcrumb":{"@id":"https:\/\/www.villaggiodellasalutepiu.it\/it\/vetrina\/pacchetti\/#breadcrumb"},"inLanguage":"it-IT","potentialAction":[{"@type":"ReadAction","target":["https:\/\/www.villaggiodellasalutepiu.it\/it\/vetrina\/pacchetti\/"]}]},{"@type":"ImageObject","inLanguage":"it-IT","@id":"https:\/\/www.villaggiodellasalutepiu.it\/it\/vetrina\/pacchetti\/#primaryimage","url":"https:\/\/www.villaggiodellasalutepiu.it\/wp-content\/uploads\/2020\/07\/1200-cover-pacchetti.jpg","contentUrl":"https:\/\/www.villaggiodellasalutepiu.it\/wp-content\/uploads\/2020\/07\/1200-cover-pacchetti.jpg","width":1200,"height":800},{"@type":"BreadcrumbList","@id":"https:\/\/www.villaggiodellasalutepiu.it\/it\/vetrina\/pacchetti\/#breadcrumb","itemListElement":[{"@type":"ListItem","position":1,"name":"Home","item":"https:\/\/www.villaggiodellasalutepiu.it\/it\/"},{"@type":"ListItem","position":2,"name":"Pacchetti"}]},{"@type":"WebSite","@id":"https:\/\/www.villaggiodellasalutepiu.it\/it\/#website","url":"https:\/\/www.villaggiodellasalutepiu.it\/it\/","name":"Villaggio della Salute Pi\u00f9","description":"Benvenuti","publisher":{"@id":"https:\/\/www.villaggiodellasalutepiu.it\/it\/#organization"},"potentialAction":[{"@type":"SearchAction","target":{"@type":"EntryPoint","urlTemplate":"https:\/\/www.villaggiodellasalutepiu.it\/it\/?s={search_term_string}"},"query-input":{"@type":"PropertyValueSpecification","valueRequired":true,"valueName":"search_term_string"}}],"inLanguage":"it-IT"},{"@type":"Organization","@id":"https:\/\/www.villaggiodellasalutepiu.it\/it\/#organization","name":"Villaggio Della Salute Pi\u00f9","url":"https:\/\/www.villaggiodellasalutepiu.it\/it\/","logo":{"@type":"ImageObject","inLanguage":"it-IT","@id":"https:\/\/www.villaggiodellasalutepiu.it\/it\/#\/schema\/logo\/image\/","url":"https:\/\/www.villaggiodellasalutepiu.it\/wp-content\/uploads\/2020\/04\/logo-vds.png","contentUrl":"https:\/\/www.villaggiodellasalutepiu.it\/wp-content\/uploads\/2020\/04\/logo-vds.png","width":449,"height":62,"caption":"Villaggio Della Salute Pi\u00f9"},"image":{"@id":"https:\/\/www.villaggiodellasalutepiu.it\/it\/#\/schema\/logo\/image\/"}},{"@type":"Person","@id":"https:\/\/www.villaggiodellasalutepiu.it\/it\/#\/schema\/person\/a0d997c5ce9ae820923ae1e60ee745c3","name":"Lorenzo Trenti","url":"https:\/\/www.villaggiodellasalutepiu.it\/it\/author\/lorenzo-trenti\/"}]}},"_links":{"self":[{"href":"https:\/\/www.villaggiodellasalutepiu.it\/it\/wp-json\/wp\/v2\/posts\/3471","targetHints":{"allow":["GET"]}}],"collection":[{"href":"https:\/\/www.villaggiodellasalutepiu.it\/it\/wp-json\/wp\/v2\/posts"}],"about":[{"href":"https:\/\/www.villaggiodellasalutepiu.it\/it\/wp-json\/wp\/v2\/types\/post"}],"author":[{"embeddable":true,"href":"https:\/\/www.villaggiodellasalutepiu.it\/it\/wp-json\/wp\/v2\/users\/6"}],"replies":[{"embeddable":true,"href":"https:\/\/www.villaggiodellasalutepiu.it\/it\/wp-json\/wp\/v2\/comments?post=3471"}],"version-history":[{"count":9,"href":"https:\/\/www.villaggiodellasalutepiu.it\/it\/wp-json\/wp\/v2\/posts\/3471\/revisions"}],"predecessor-version":[{"id":28350,"href":"https:\/\/www.villaggiodellasalutepiu.it\/it\/wp-json\/wp\/v2\/posts\/3471\/revisions\/28350"}],"wp:featuredmedia":[{"embeddable":true,"href":"https:\/\/www.villaggiodellasalutepiu.it\/it\/wp-json\/wp\/v2\/media\/3473"}],"wp:attachment":[{"href":"https:\/\/www.villaggiodellasalutepiu.it\/it\/wp-json\/wp\/v2\/media?parent=3471"}],"wp:term":[{"taxonomy":"category","embeddable":true,"href":"https:\/\/www.villaggiodellasalutepiu.it\/it\/wp-json\/wp\/v2\/categories?post=3471"},{"taxonomy":"post_tag","embeddable":true,"href":"https:\/\/www.villaggiodellasalutepiu.it\/it\/wp-json\/wp\/v2\/tags?post=3471"},{"taxonomy":"eventi","embeddable":true,"href":"https:\/\/www.villaggiodellasalutepiu.it\/it\/wp-json\/wp\/v2\/eventi?post=3471"}],"curies":[{"name":"wp","href":"https:\/\/api.w.org\/{rel}","templated":true}]}}